{"id":191,"date":"2016-10-17T00:00:51","date_gmt":"2016-10-16T22:00:51","guid":{"rendered":"https:\/\/www.spd-brueggen.de\/?p=191"},"modified":"2017-02-03T22:26:56","modified_gmt":"2017-02-03T21:26:56","slug":"grensparklimburg-ist-kanditat-beim-naturwettbewerb","status":"publish","type":"post","link":"https:\/\/www.spd-brueggen.de\/?p=191","title":{"rendered":"GrensparkLimburg ist Kandidat beim Naturwettbewerb"},"content":{"rendered":"<p>Unter dem Namen GrensparkLimburg haben sich die Nationalparks De Maasduinen, De Meinweg und die Nationallandschaft Zuid-Limburg unter Mitwirkung des Deutsch-Niederl\u00e4ndischen Naturparks Maas-Schwalm- Nette beworben beim Wettbewerb der sch\u00f6nsten Naturr\u00e4ume der Niederlande.\u00a0Dabei handelt es sich um einen Landeswettbewerb der niederl\u00e4ndischen Regierung\u00a0um niederl\u00e4ndische Naturr\u00e4ume in den Mittelpunkt zu stellen.<!--more--><\/p>\n<div class=\"articleText2\">\n<p>Die sch\u00f6nsten Naturr\u00e4ume in der Provinz Limburg liegen an der Grenze zu Deutschland. In Limburg gibt es drei Nationalparks, eine Nationallandschaft und vier grenz\u00fcberschreitende Parks. Gemeinsam formen Sie ein gr\u00fcnes Band von fast 200 km Natur entlang der deutsch-niederl\u00e4ndisch-belgischen Grenze. Die Parks haben sich zusammen getan und eine Bewerbung der gesamten Grenzregion mit dem Titel: \u201eGrensparkLimburg &#8211; H\u00f6hepunkt der Niederlande\u201c eingereicht. Der GrensparkLimburg verl\u00e4uft von der Mooker Heide im Norden bis zum Vaalserberg im S\u00fcden zwischen Maas und Grenze. Insgesamt sprechen wir hier von einem Naturraum von rund 13.000 ha Natur in Limburg. Hieran angrenzend liegen weitere 7000 ha Natur in Deutschland und Belgien.<\/p>\n<p>Eine Fachjury unter der Leitung von Pieter van Vollenhoven (Ehemann von Prinzessin Margarethe der Niederlande) hat unter den Bewerbern mehrere Naturr\u00e4ume nominiert, worauf die \u00d6ffentlichkeit abstimmen kann. Das Ergebnis der Wahl wird schlie\u00dflich am 31. Oktober im niederl\u00e4ndischen Fernsehen bekannt gegeben. Der Preis ist mit maximal 300.000 \u20ac dotiert. Hiermit sollen weitere Projekte in der Region gef\u00f6rdert werden. Ferner setzt sich die Politik f\u00fcr weitere internationale Werbung der Region ein.<\/p>\n<p>Mittelpunkt der Bewerbung sind die lokal-\u00f6konomische Werte der Naturr\u00e4ume im GrensparkLimburg. Es beschreibt Projekte mit denen im In- und Ausland auf die Attraktivit\u00e4t der Region hingewiesen werden kann. Neun Leuchtturmprojekte sollen dabei als gutes Beispiel f\u00fcr die gesamte Region vorangehen. \u201cGrensparkLimburg hei\u00dft somit neben Menschen aus den Niederlanden auch ganz herzlich Besucher aus Deutschland und Belgien willkommen\u201d, sagt Ricardo Offermanns, Vorsitzender des Nationalparks De Meinweg. \u201cDie Besonderheit unseres Gebiets ist, dass Natur nicht an der Grenze aufh\u00f6rt und, dass wir von jeher eine intensive Zusammenarbeit mit Deutschen und Belgiern pflegen. GrensparkLimburg bildet das Eingangstor zur niederl\u00e4ndischen Natur.\u201d<\/p>\n<p>15 Organisationen haben sich an der Bewerbung beteiligt. Neben dem D-NL Naturpark Maas-Schwalm-Nette unterst\u00fctzen u. a. VVV, Provinz Limburg, IVN Limburg, Natuurhistorisch Genootschap Limburg, Limburgs Landschap und Eigent\u00fcmerverein Maasduinen die Bewerbung.<\/p>\n<p>Eine Zusammenfassung der Bewerbung und eine Karte des Gebiets steht auf der Internetseite der Naturparks in Limburg <a href=\"http:\/\/www.natuurparkenlimburg.nl\/\"><u><span style=\"color: #0066cc;\">www.natuurparkenlimburg.nl<\/span><\/u><\/a> zur Verf\u00fcgung. Vom 10. bis 30. Oktober kann abgestimmt werden unter <a href=\"http:\/\/www.nationaleparkenwereldklasse.nl\/\"><u><span style=\"color: #0066cc;\">http:\/\/www.nationaleparkenwereldklasse.nl<\/span><\/u><\/a>.<\/p>\n<\/div>\n<div class=\"shariff shariff-align-left shariff-widget-align-left\" data-services=\"facebook\" data-url=\"https:\/\/www.spd-brueggen.de\/?p=191\" data-timestamp=\"1486160816\" data-backendurl=\"?rest_route=\/shariff\/v1\/share_counts&\"><ul class=\"shariff-buttons theme-round orientation-horizontal buttonsize-medium\"><li class=\"shariff-button facebook shariff-nocustomcolor\" style=\"background-color:#4273c8\"><a href=\"https:\/\/www.facebook.com\/sharer\/sharer.php?u=https%3A%2F%2Fwww.spd-brueggen.de%2F%3Fp%3D191\" title=\"Bei Facebook teilen\" aria-label=\"Bei Facebook teilen\" role=\"button\" rel=\"nofollow\" class=\"shariff-link\" style=\"; background-color:#3b5998; color:#fff\" target=\"_blank\"><span class=\"shariff-icon\" style=\"\"><svg width=\"32px\" height=\"20px\" xmlns=\"http:\/\/www.w3.org\/2000\/svg\" viewBox=\"0 0 18 32\"><path fill=\"#3b5998\" d=\"M17.1 0.2v4.7h-2.8q-1.5 0-2.1 0.6t-0.5 1.9v3.4h5.2l-0.7 5.3h-4.5v13.6h-5.5v-13.6h-4.5v-5.3h4.5v-3.9q0-3.3 1.9-5.2t5-1.8q2.6 0 4.1 0.2z\"\/><\/svg><\/span><\/a><\/li><li class=\"shariff-button twitter shariff-nocustomcolor\" style=\"background-color:#595959\"><a href=\"https:\/\/twitter.com\/share?url=https%3A%2F%2Fwww.spd-brueggen.de%2F%3Fp%3D191&text=GrensparkLimburg%20ist%20Kandidat%20beim%20Naturwettbewerb\" title=\"Bei X teilen\" aria-label=\"Bei X teilen\" role=\"button\" rel=\"noopener nofollow\" class=\"shariff-link\" style=\"; background-color:#000; color:#fff\" target=\"_blank\"><span class=\"shariff-icon\" style=\"\"><svg width=\"32px\" height=\"20px\" xmlns=\"http:\/\/www.w3.org\/2000\/svg\" viewBox=\"0 0 24 24\"><path fill=\"#000\" d=\"M14.258 10.152L23.176 0h-2.113l-7.747 8.813L7.133 0H0l9.352 13.328L0 23.973h2.113l8.176-9.309 6.531 9.309h7.133zm-2.895 3.293l-.949-1.328L2.875 1.56h3.246l6.086 8.523.945 1.328 7.91 11.078h-3.246zm0 0\"\/><\/svg><\/span><\/a><\/li><li class=\"shariff-button whatsapp shariff-nocustomcolor\" style=\"background-color:#5cbe4a\"><a href=\"https:\/\/api.whatsapp.com\/send?text=https%3A%2F%2Fwww.spd-brueggen.de%2F%3Fp%3D191%20GrensparkLimburg%20ist%20Kandidat%20beim%20Naturwettbewerb\" title=\"Bei Whatsapp teilen\" aria-label=\"Bei Whatsapp teilen\" role=\"button\" rel=\"noopener nofollow\" class=\"shariff-link\" style=\"; background-color:#34af23; color:#fff\" target=\"_blank\"><span class=\"shariff-icon\" style=\"\"><svg width=\"32px\" height=\"20px\" xmlns=\"http:\/\/www.w3.org\/2000\/svg\" viewBox=\"0 0 32 32\"><path fill=\"#34af23\" d=\"M17.6 17.4q0.2 0 1.7 0.8t1.6 0.9q0 0.1 0 0.3 0 0.6-0.3 1.4-0.3 0.7-1.3 1.2t-1.8 0.5q-1 0-3.4-1.1-1.7-0.8-3-2.1t-2.6-3.3q-1.3-1.9-1.3-3.5v-0.1q0.1-1.6 1.3-2.8 0.4-0.4 0.9-0.4 0.1 0 0.3 0t0.3 0q0.3 0 0.5 0.1t0.3 0.5q0.1 0.4 0.6 1.6t0.4 1.3q0 0.4-0.6 1t-0.6 0.8q0 0.1 0.1 0.3 0.6 1.3 1.8 2.4 1 0.9 2.7 1.8 0.2 0.1 0.4 0.1 0.3 0 1-0.9t0.9-0.9zM14 26.9q2.3 0 4.3-0.9t3.6-2.4 2.4-3.6 0.9-4.3-0.9-4.3-2.4-3.6-3.6-2.4-4.3-0.9-4.3 0.9-3.6 2.4-2.4 3.6-0.9 4.3q0 3.6 2.1 6.6l-1.4 4.2 4.3-1.4q2.8 1.9 6.2 1.9zM14 2.2q2.7 0 5.2 1.1t4.3 2.9 2.9 4.3 1.1 5.2-1.1 5.2-2.9 4.3-4.3 2.9-5.2 1.1q-3.5 0-6.5-1.7l-7.4 2.4 2.4-7.2q-1.9-3.2-1.9-6.9 0-2.7 1.1-5.2t2.9-4.3 4.3-2.9 5.2-1.1z\"\/><\/svg><\/span><\/a><\/li><\/ul><\/div>","protected":false},"excerpt":{"rendered":"<p>Unter dem Namen GrensparkLimburg haben sich die Nationalparks De Maasduinen, De Meinweg und die Nationallandschaft Zuid-Limburg unter Mitwirkung des Deutsch-Niederl\u00e4ndischen Naturparks Maas-Schwalm- Nette beworben beim Wettbewerb der sch\u00f6nsten Naturr\u00e4ume der Niederlande.\u00a0Dabei handelt es sich um einen Landeswettbewerb der niederl\u00e4ndischen Regierung\u00a0um niederl\u00e4ndische Naturr\u00e4ume in den Mittelpunkt zu stellen.<\/p>\n<div class=\"shariff shariff-align-left shariff-widget-align-left\" data-services=\"facebook\" data-url=\"https:\/\/www.spd-brueggen.de\/?p=191\" data-timestamp=\"1486160816\" data-backendurl=\"?rest_route=\/shariff\/v1\/share_counts&\">\n<ul class=\"shariff-buttons theme-round orientation-horizontal buttonsize-medium\">\n<li class=\"shariff-button facebook shariff-nocustomcolor\" style=\"background-color:#4273c8\"><a href=\"https:\/\/www.facebook.com\/sharer\/sharer.php?u=https%3A%2F%2Fwww.spd-brueggen.de%2F%3Fp%3D191\" title=\"Bei Facebook teilen\" aria-label=\"Bei Facebook teilen\" role=\"button\" rel=\"nofollow\" class=\"shariff-link\" style=\"; background-color:#3b5998; color:#fff\" target=\"_blank\"><span class=\"shariff-icon\" style=\"\"><svg width=\"32px\" height=\"20px\" xmlns=\"http:\/\/www.w3.org\/2000\/svg\" viewBox=\"0 0 18 32\"><path fill=\"#3b5998\" d=\"M17.1 0.2v4.7h-2.8q-1.5 0-2.1 0.6t-0.5 1.9v3.4h5.2l-0.7 5.3h-4.5v13.6h-5.5v-13.6h-4.5v-5.3h4.5v-3.9q0-3.3 1.9-5.2t5-1.8q2.6 0 4.1 0.2z\"\/><\/svg><\/span><\/a><\/li>\n<li class=\"shariff-button twitter shariff-nocustomcolor\" style=\"background-color:#595959\"><a href=\"https:\/\/twitter.com\/share?url=https%3A%2F%2Fwww.spd-brueggen.de%2F%3Fp%3D191&text=GrensparkLimburg%20ist%20Kandidat%20beim%20Naturwettbewerb\" title=\"Bei X teilen\" aria-label=\"Bei X teilen\" role=\"button\" rel=\"noopener nofollow\" class=\"shariff-link\" style=\"; background-color:#000; color:#fff\" target=\"_blank\"><span class=\"shariff-icon\" style=\"\"><svg width=\"32px\" height=\"20px\" xmlns=\"http:\/\/www.w3.org\/2000\/svg\" viewBox=\"0 0 24 24\"><path fill=\"#000\" d=\"M14.258 10.152L23.176 0h-2.113l-7.747 8.813L7.133 0H0l9.352 13.328L0 23.973h2.113l8.176-9.309 6.531 9.309h7.133zm-2.895 3.293l-.949-1.328L2.875 1.56h3.246l6.086 8.523.945 1.328 7.91 11.078h-3.246zm0 0\"\/><\/svg><\/span><\/a><\/li>\n<li class=\"shariff-button whatsapp shariff-nocustomcolor\" style=\"background-color:#5cbe4a\"><a href=\"https:\/\/api.whatsapp.com\/send?text=https%3A%2F%2Fwww.spd-brueggen.de%2F%3Fp%3D191%20GrensparkLimburg%20ist%20Kandidat%20beim%20Naturwettbewerb\" title=\"Bei Whatsapp teilen\" aria-label=\"Bei Whatsapp teilen\" role=\"button\" rel=\"noopener nofollow\" class=\"shariff-link\" style=\"; background-color:#34af23; color:#fff\" target=\"_blank\"><span class=\"shariff-icon\" style=\"\"><svg width=\"32px\" height=\"20px\" xmlns=\"http:\/\/www.w3.org\/2000\/svg\" viewBox=\"0 0 32 32\"><path fill=\"#34af23\" d=\"M17.6 17.4q0.2 0 1.7 0.8t1.6 0.9q0 0.1 0 0.3 0 0.6-0.3 1.4-0.3 0.7-1.3 1.2t-1.8 0.5q-1 0-3.4-1.1-1.7-0.8-3-2.1t-2.6-3.3q-1.3-1.9-1.3-3.5v-0.1q0.1-1.6 1.3-2.8 0.4-0.4 0.9-0.4 0.1 0 0.3 0t0.3 0q0.3 0 0.5 0.1t0.3 0.5q0.1 0.4 0.6 1.6t0.4 1.3q0 0.4-0.6 1t-0.6 0.8q0 0.1 0.1 0.3 0.6 1.3 1.8 2.4 1 0.9 2.7 1.8 0.2 0.1 0.4 0.1 0.3 0 1-0.9t0.9-0.9zM14 26.9q2.3 0 4.3-0.9t3.6-2.4 2.4-3.6 0.9-4.3-0.9-4.3-2.4-3.6-3.6-2.4-4.3-0.9-4.3 0.9-3.6 2.4-2.4 3.6-0.9 4.3q0 3.6 2.1 6.6l-1.4 4.2 4.3-1.4q2.8 1.9 6.2 1.9zM14 2.2q2.7 0 5.2 1.1t4.3 2.9 2.9 4.3 1.1 5.2-1.1 5.2-2.9 4.3-4.3 2.9-5.2 1.1q-3.5 0-6.5-1.7l-7.4 2.4 2.4-7.2q-1.9-3.2-1.9-6.9 0-2.7 1.1-5.2t2.9-4.3 4.3-2.9 5.2-1.1z\"\/><\/svg><\/span><\/a><\/li>\n<\/ul>\n<\/div>\n","protected":false},"author":1,"featured_media":192,"comment_status":"open","ping_status":"open","sticky":false,"template":"","format":"standard","meta":{"footnotes":""},"categories":[1],"tags":[],"class_list":["post-191","post","type-post","status-publish","format-standard","has-post-thumbnail","hentry","category-allgemein"],"_links":{"self":[{"href":"https:\/\/www.spd-brueggen.de\/index.php?rest_route=\/wp\/v2\/posts\/191","targetHints":{"allow":["GET"]}}],"collection":[{"href":"https:\/\/www.spd-brueggen.de\/index.php?rest_route=\/wp\/v2\/posts"}],"about":[{"href":"https:\/\/www.spd-brueggen.de\/index.php?rest_route=\/wp\/v2\/types\/post"}],"author":[{"embeddable":true,"href":"https:\/\/www.spd-brueggen.de\/index.php?rest_route=\/wp\/v2\/users\/1"}],"replies":[{"embeddable":true,"href":"https:\/\/www.spd-brueggen.de\/index.php?rest_route=%2Fwp%2Fv2%2Fcomments&post=191"}],"version-history":[{"count":0,"href":"https:\/\/www.spd-brueggen.de\/index.php?rest_route=\/wp\/v2\/posts\/191\/revisions"}],"wp:featuredmedia":[{"embeddable":true,"href":"https:\/\/www.spd-brueggen.de\/index.php?rest_route=\/wp\/v2\/media\/192"}],"wp:attachment":[{"href":"https:\/\/www.spd-brueggen.de\/index.php?rest_route=%2Fwp%2Fv2%2Fmedia&parent=191"}],"wp:term":[{"taxonomy":"category","embeddable":true,"href":"https:\/\/www.spd-brueggen.de\/index.php?rest_route=%2Fwp%2Fv2%2Fcategories&post=191"},{"taxonomy":"post_tag","embeddable":true,"href":"https:\/\/www.spd-brueggen.de\/index.php?rest_route=%2Fwp%2Fv2%2Ftags&post=191"}],"curies":[{"name":"wp","href":"https:\/\/api.w.org\/{rel}","templated":true}]}}