{"id":312,"date":"2016-07-23T00:00:07","date_gmt":"2016-07-22T22:00:07","guid":{"rendered":"https:\/\/www.spd-brueggen.de\/?p=312"},"modified":"2017-02-03T23:32:55","modified_gmt":"2017-02-03T22:32:55","slug":"verkehrsfuehrung-borner-strasse","status":"publish","type":"post","link":"https:\/\/www.spd-brueggen.de\/?p=312","title":{"rendered":"Verkehrsf\u00fchrung &#8222;Borner Stra\u00dfe&#8220;"},"content":{"rendered":"<p>Gemeinsam mit dem Bundestagsabgeordneten Udo Schiefner statteten der\u00a0<span class=\"SpellE\">Br\u00fcggener<\/span>\u00a0Fraktionsvorsitzende Gottfried Optenplatz und\u00a0<span class=\"SpellE\">Kreistagsmitglied<\/span>\u00a0Udo Rosowski dem Leiter der M\u00f6nchengladbacher Niederlassung das Landesbetriebs Stra\u00dfen.NRW einen Besuch ab.<\/p>\n<p>Sie besprachen Verkehrsprojekte des Kreises und die\u00a0<span class=\"SpellE\">Br\u00fcggener<\/span>\u00a0Vertreter machten vor allem deutlich, wie notwendig die Herstellung eines Kreisverkehrs an der Kreuzung B221\/<span class=\"SpellE\">Borner Stra\u00dfe<\/span>\u00a0vor allem vor dem Hintergrund der zuk\u00fcnftigen Bebauung an der\u00a0<span class=\"SpellE\">Borner Stra\u00dfe<\/span>\u00a0sei.<!--more-->Der Baubetrieb wies zwar darauf hin, dass die Burggemeinde durch die Neuplanung die Versch\u00e4rfung der Verkehrssituation selbst herbeif\u00fchren w\u00fcrde und somit keine Landes- oder Bundesmittel bereitgestellt werden k\u00f6nnten. Der Niederlassungsleiter versprach aber, sich das dort noch nicht bekannte Gutachten \u00fcber die aktuelle Verkehrsdichte genau anzusehen und die Situation neu zu bewerten. Hierzu m\u00fcsste die Gemeinde offiziell den Landesbetrieb kontaktieren, was bisher noch nicht geschehen sei.<\/p>\n<div class=\"articleText2\">\n<p>Die SPD-Vertreter hatten nach dem Gespr\u00e4ch den Eindruck, dass dem Landesbetriebes der aktuelle Bedarf f\u00fcr einen besseren Verkehrsfluss deutlich gemacht werden konnte und es vielleicht doch zu einer Mittelbereitstellung kommen k\u00f6nnte. Eine Eigenfinanzierung durch die Gemeinde Br\u00fcggen in H\u00f6he von 300-350.000 \u20ac w\u00e4re kaum zu stemmen.<\/p>\n<\/div>\n<div class=\"shariff shariff-align-left shariff-widget-align-left\" data-services=\"facebook\" data-url=\"https:\/\/www.spd-brueggen.de\/?p=312\" data-timestamp=\"1486164775\" data-backendurl=\"?rest_route=\/shariff\/v1\/share_counts&\"><ul class=\"shariff-buttons theme-round orientation-horizontal buttonsize-medium\"><li class=\"shariff-button facebook shariff-nocustomcolor\" style=\"background-color:#4273c8\"><a href=\"https:\/\/www.facebook.com\/sharer\/sharer.php?u=https%3A%2F%2Fwww.spd-brueggen.de%2F%3Fp%3D312\" title=\"Bei Facebook teilen\" aria-label=\"Bei Facebook teilen\" role=\"button\" rel=\"nofollow\" class=\"shariff-link\" style=\"; background-color:#3b5998; color:#fff\" target=\"_blank\"><span class=\"shariff-icon\" style=\"\"><svg width=\"32px\" height=\"20px\" xmlns=\"http:\/\/www.w3.org\/2000\/svg\" viewBox=\"0 0 18 32\"><path fill=\"#3b5998\" d=\"M17.1 0.2v4.7h-2.8q-1.5 0-2.1 0.6t-0.5 1.9v3.4h5.2l-0.7 5.3h-4.5v13.6h-5.5v-13.6h-4.5v-5.3h4.5v-3.9q0-3.3 1.9-5.2t5-1.8q2.6 0 4.1 0.2z\"\/><\/svg><\/span><\/a><\/li><li class=\"shariff-button twitter shariff-nocustomcolor\" style=\"background-color:#595959\"><a href=\"https:\/\/twitter.com\/share?url=https%3A%2F%2Fwww.spd-brueggen.de%2F%3Fp%3D312&text=Verkehrsf%C3%BChrung%20%E2%80%9EBorner%20Stra%C3%9Fe%E2%80%9C\" title=\"Bei X teilen\" aria-label=\"Bei X teilen\" role=\"button\" rel=\"noopener nofollow\" class=\"shariff-link\" style=\"; background-color:#000; color:#fff\" target=\"_blank\"><span class=\"shariff-icon\" style=\"\"><svg width=\"32px\" height=\"20px\" xmlns=\"http:\/\/www.w3.org\/2000\/svg\" viewBox=\"0 0 24 24\"><path fill=\"#000\" d=\"M14.258 10.152L23.176 0h-2.113l-7.747 8.813L7.133 0H0l9.352 13.328L0 23.973h2.113l8.176-9.309 6.531 9.309h7.133zm-2.895 3.293l-.949-1.328L2.875 1.56h3.246l6.086 8.523.945 1.328 7.91 11.078h-3.246zm0 0\"\/><\/svg><\/span><\/a><\/li><li class=\"shariff-button whatsapp shariff-nocustomcolor\" style=\"background-color:#5cbe4a\"><a href=\"https:\/\/api.whatsapp.com\/send?text=https%3A%2F%2Fwww.spd-brueggen.de%2F%3Fp%3D312%20Verkehrsf%C3%BChrung%20%E2%80%9EBorner%20Stra%C3%9Fe%E2%80%9C\" title=\"Bei Whatsapp teilen\" aria-label=\"Bei Whatsapp teilen\" role=\"button\" rel=\"noopener nofollow\" class=\"shariff-link\" style=\"; background-color:#34af23; color:#fff\" target=\"_blank\"><span class=\"shariff-icon\" style=\"\"><svg width=\"32px\" height=\"20px\" xmlns=\"http:\/\/www.w3.org\/2000\/svg\" viewBox=\"0 0 32 32\"><path fill=\"#34af23\" d=\"M17.6 17.4q0.2 0 1.7 0.8t1.6 0.9q0 0.1 0 0.3 0 0.6-0.3 1.4-0.3 0.7-1.3 1.2t-1.8 0.5q-1 0-3.4-1.1-1.7-0.8-3-2.1t-2.6-3.3q-1.3-1.9-1.3-3.5v-0.1q0.1-1.6 1.3-2.8 0.4-0.4 0.9-0.4 0.1 0 0.3 0t0.3 0q0.3 0 0.5 0.1t0.3 0.5q0.1 0.4 0.6 1.6t0.4 1.3q0 0.4-0.6 1t-0.6 0.8q0 0.1 0.1 0.3 0.6 1.3 1.8 2.4 1 0.9 2.7 1.8 0.2 0.1 0.4 0.1 0.3 0 1-0.9t0.9-0.9zM14 26.9q2.3 0 4.3-0.9t3.6-2.4 2.4-3.6 0.9-4.3-0.9-4.3-2.4-3.6-3.6-2.4-4.3-0.9-4.3 0.9-3.6 2.4-2.4 3.6-0.9 4.3q0 3.6 2.1 6.6l-1.4 4.2 4.3-1.4q2.8 1.9 6.2 1.9zM14 2.2q2.7 0 5.2 1.1t4.3 2.9 2.9 4.3 1.1 5.2-1.1 5.2-2.9 4.3-4.3 2.9-5.2 1.1q-3.5 0-6.5-1.7l-7.4 2.4 2.4-7.2q-1.9-3.2-1.9-6.9 0-2.7 1.1-5.2t2.9-4.3 4.3-2.9 5.2-1.1z\"\/><\/svg><\/span><\/a><\/li><\/ul><\/div>","protected":false},"excerpt":{"rendered":"<p>Gemeinsam mit dem Bundestagsabgeordneten Udo Schiefner statteten der\u00a0Br\u00fcggener\u00a0Fraktionsvorsitzende Gottfried Optenplatz und\u00a0Kreistagsmitglied\u00a0Udo Rosowski dem Leiter der M\u00f6nchengladbacher Niederlassung das Landesbetriebs Stra\u00dfen.NRW einen Besuch ab. Sie besprachen Verkehrsprojekte des Kreises und die\u00a0Br\u00fcggener\u00a0Vertreter machten vor allem deutlich, wie notwendig die Herstellung eines Kreisverkehrs an der Kreuzung B221\/Borner Stra\u00dfe\u00a0vor allem vor dem Hintergrund der zuk\u00fcnftigen Bebauung an der\u00a0Borner Stra\u00dfe\u00a0sei.<\/p>\n<div class=\"shariff shariff-align-left shariff-widget-align-left\" data-services=\"facebook\" data-url=\"https:\/\/www.spd-brueggen.de\/?p=312\" data-timestamp=\"1486164775\" data-backendurl=\"?rest_route=\/shariff\/v1\/share_counts&\">\n<ul class=\"shariff-buttons theme-round orientation-horizontal buttonsize-medium\">\n<li class=\"shariff-button facebook shariff-nocustomcolor\" style=\"background-color:#4273c8\"><a href=\"https:\/\/www.facebook.com\/sharer\/sharer.php?u=https%3A%2F%2Fwww.spd-brueggen.de%2F%3Fp%3D312\" title=\"Bei Facebook teilen\" aria-label=\"Bei Facebook teilen\" role=\"button\" rel=\"nofollow\" class=\"shariff-link\" style=\"; background-color:#3b5998; color:#fff\" target=\"_blank\"><span class=\"shariff-icon\" style=\"\"><svg width=\"32px\" height=\"20px\" xmlns=\"http:\/\/www.w3.org\/2000\/svg\" viewBox=\"0 0 18 32\"><path fill=\"#3b5998\" d=\"M17.1 0.2v4.7h-2.8q-1.5 0-2.1 0.6t-0.5 1.9v3.4h5.2l-0.7 5.3h-4.5v13.6h-5.5v-13.6h-4.5v-5.3h4.5v-3.9q0-3.3 1.9-5.2t5-1.8q2.6 0 4.1 0.2z\"\/><\/svg><\/span><\/a><\/li>\n<li class=\"shariff-button twitter shariff-nocustomcolor\" style=\"background-color:#595959\"><a href=\"https:\/\/twitter.com\/share?url=https%3A%2F%2Fwww.spd-brueggen.de%2F%3Fp%3D312&text=Verkehrsf%C3%BChrung%20%E2%80%9EBorner%20Stra%C3%9Fe%E2%80%9C\" title=\"Bei X teilen\" aria-label=\"Bei X teilen\" role=\"button\" rel=\"noopener nofollow\" class=\"shariff-link\" style=\"; background-color:#000; color:#fff\" target=\"_blank\"><span class=\"shariff-icon\" style=\"\"><svg width=\"32px\" height=\"20px\" xmlns=\"http:\/\/www.w3.org\/2000\/svg\" viewBox=\"0 0 24 24\"><path fill=\"#000\" d=\"M14.258 10.152L23.176 0h-2.113l-7.747 8.813L7.133 0H0l9.352 13.328L0 23.973h2.113l8.176-9.309 6.531 9.309h7.133zm-2.895 3.293l-.949-1.328L2.875 1.56h3.246l6.086 8.523.945 1.328 7.91 11.078h-3.246zm0 0\"\/><\/svg><\/span><\/a><\/li>\n<li class=\"shariff-button whatsapp shariff-nocustomcolor\" style=\"background-color:#5cbe4a\"><a href=\"https:\/\/api.whatsapp.com\/send?text=https%3A%2F%2Fwww.spd-brueggen.de%2F%3Fp%3D312%20Verkehrsf%C3%BChrung%20%E2%80%9EBorner%20Stra%C3%9Fe%E2%80%9C\" title=\"Bei Whatsapp teilen\" aria-label=\"Bei Whatsapp teilen\" role=\"button\" rel=\"noopener nofollow\" class=\"shariff-link\" style=\"; background-color:#34af23; color:#fff\" target=\"_blank\"><span class=\"shariff-icon\" style=\"\"><svg width=\"32px\" height=\"20px\" xmlns=\"http:\/\/www.w3.org\/2000\/svg\" viewBox=\"0 0 32 32\"><path fill=\"#34af23\" d=\"M17.6 17.4q0.2 0 1.7 0.8t1.6 0.9q0 0.1 0 0.3 0 0.6-0.3 1.4-0.3 0.7-1.3 1.2t-1.8 0.5q-1 0-3.4-1.1-1.7-0.8-3-2.1t-2.6-3.3q-1.3-1.9-1.3-3.5v-0.1q0.1-1.6 1.3-2.8 0.4-0.4 0.9-0.4 0.1 0 0.3 0t0.3 0q0.3 0 0.5 0.1t0.3 0.5q0.1 0.4 0.6 1.6t0.4 1.3q0 0.4-0.6 1t-0.6 0.8q0 0.1 0.1 0.3 0.6 1.3 1.8 2.4 1 0.9 2.7 1.8 0.2 0.1 0.4 0.1 0.3 0 1-0.9t0.9-0.9zM14 26.9q2.3 0 4.3-0.9t3.6-2.4 2.4-3.6 0.9-4.3-0.9-4.3-2.4-3.6-3.6-2.4-4.3-0.9-4.3 0.9-3.6 2.4-2.4 3.6-0.9 4.3q0 3.6 2.1 6.6l-1.4 4.2 4.3-1.4q2.8 1.9 6.2 1.9zM14 2.2q2.7 0 5.2 1.1t4.3 2.9 2.9 4.3 1.1 5.2-1.1 5.2-2.9 4.3-4.3 2.9-5.2 1.1q-3.5 0-6.5-1.7l-7.4 2.4 2.4-7.2q-1.9-3.2-1.9-6.9 0-2.7 1.1-5.2t2.9-4.3 4.3-2.9 5.2-1.1z\"\/><\/svg><\/span><\/a><\/li>\n<\/ul>\n<\/div>\n","protected":false},"author":1,"featured_media":313,"comment_status":"open","ping_status":"open","sticky":false,"template":"","format":"standard","meta":{"footnotes":""},"categories":[7],"tags":[],"class_list":["post-312","post","type-post","status-publish","format-standard","has-post-thumbnail","hentry","category-ortsverein"],"_links":{"self":[{"href":"https:\/\/www.spd-brueggen.de\/index.php?rest_route=\/wp\/v2\/posts\/312","targetHints":{"allow":["GET"]}}],"collection":[{"href":"https:\/\/www.spd-brueggen.de\/index.php?rest_route=\/wp\/v2\/posts"}],"about":[{"href":"https:\/\/www.spd-brueggen.de\/index.php?rest_route=\/wp\/v2\/types\/post"}],"author":[{"embeddable":true,"href":"https:\/\/www.spd-brueggen.de\/index.php?rest_route=\/wp\/v2\/users\/1"}],"replies":[{"embeddable":true,"href":"https:\/\/www.spd-brueggen.de\/index.php?rest_route=%2Fwp%2Fv2%2Fcomments&post=312"}],"version-history":[{"count":0,"href":"https:\/\/www.spd-brueggen.de\/index.php?rest_route=\/wp\/v2\/posts\/312\/revisions"}],"wp:featuredmedia":[{"embeddable":true,"href":"https:\/\/www.spd-brueggen.de\/index.php?rest_route=\/wp\/v2\/media\/313"}],"wp:attachment":[{"href":"https:\/\/www.spd-brueggen.de\/index.php?rest_route=%2Fwp%2Fv2%2Fmedia&parent=312"}],"wp:term":[{"taxonomy":"category","embeddable":true,"href":"https:\/\/www.spd-brueggen.de\/index.php?rest_route=%2Fwp%2Fv2%2Fcategories&post=312"},{"taxonomy":"post_tag","embeddable":true,"href":"https:\/\/www.spd-brueggen.de\/index.php?rest_route=%2Fwp%2Fv2%2Ftags&post=312"}],"curies":[{"name":"wp","href":"https:\/\/api.w.org\/{rel}","templated":true}]}}