{"id":341,"date":"2016-07-23T00:00:27","date_gmt":"2016-07-22T22:00:27","guid":{"rendered":"https:\/\/www.spd-brueggen.de\/?p=341"},"modified":"2017-03-10T22:29:24","modified_gmt":"2017-03-10T21:29:24","slug":"wohnungsbaufoerderung","status":"publish","type":"post","link":"https:\/\/www.spd-brueggen.de\/?p=341","title":{"rendered":"Wohnungsbauf\u00f6rderung"},"content":{"rendered":"<p>Schon anl\u00e4sslich des Landtagstalks &#8222;Sozialdemokratische Wohnungsbaupolitik in NRW&#8220;\u00a0am 04. April 2016 hat der\u00a0<span class=\"SpellE\">Br\u00fcggener<\/span>\u00a0Ratsherr und Mitglied des Kreisvorstands Udo Rosowski im Gespr\u00e4ch mit Minister Mike\u00a0<span class=\"SpellE\">Groschek<\/span>, dem Fraktionsvorsitzendem Jochen Ott und der Wohnungsbaupolitischen Sprecherin Sarah Philipp darauf hingewiesen, dass die sowohl im Kreis Viersen und insbesondere auch in der Gemeinde Br\u00fcggen anstehenden Wohnungsbauprojekte nicht dadurch gef\u00e4hrdet sein d\u00fcrften, dass die dem Kreis Viersen zur Verf\u00fcgung gestellten Mittel bereits jetzt zu Jahresbeginn ausgesch\u00f6pft sind.<\/p>\n<span class=\"collapseomatic \" id=\"id69edb2c03634c\"  tabindex=\"0\"     >Weiterlesen<\/span><div id=\"target-id69edb2c03634c\" class=\"collapseomatic_content \">\n<p>Tats\u00e4chlich waren nach dem Verteilungsschl\u00fcssel dem Kreis urspr\u00fcnglich 7,5 Millionen F\u00f6rdergelder in Aussicht gestellt worden.\u00a0Die Zahl der angefragten Projekte lie\u00df bereits damals die Vermutung zu, dass diese Mittel nicht ausreichen w\u00fcrden. Dies hatte sich im Zeitablauf tats\u00e4chlich best\u00e4tigt.<\/p>\n<div class=\"articleText2\">\n<p>Daraufhin hatte sich Udo Rosowski Anfang Juni erneut schriftlich an den Minister sowie die Abgeordneten gewandt mit der dringenden Bitte zu Pr\u00fcfen, ob durch eine Aufstockung der Mittel oder eine andere Umverteilung weitere F\u00f6rdergelder in den Kreis flie\u00dfen k\u00f6nnen.<\/p>\n<p>Der Bauminister hat nun tats\u00e4chlich dem Kreis weitere Millionen zugewiesen, sodass dem Kreis nun \u00fcber 15 Millionen f\u00fcr soziale Mietwohnungsprojekte und Unterk\u00fcnften f\u00fcr Fl\u00fcchtlinge zur Verf\u00fcgung stehen.<\/p>\n<p>Udo Rosowski:\u00a0\u201cIch freue mich, dass das Land seine Zusage und Verpflichtung f\u00fcr die Wohnungsbauf\u00f6rderung ernst nimmt. Viel zu lange wurde der Bau von bezahlbaren Mietwohnungen vernachl\u00e4ssigt, weil die Inverstoren hierin keine ausreichende Rendite sahen. Durch die F\u00f6rderung rechnet sich dieses Engagement nun wieder. Schade nur, dass die Gemeinde Br\u00fcggen die \u00dcberlegungen zu einem eigenen kommunalen Wohnungsbau wieder verworfen hat.\u201c<\/p>\n<\/div>\n<\/div>\n<div class=\"shariff shariff-align-left shariff-widget-align-left\" data-services=\"facebook\" data-url=\"https:\/\/www.spd-brueggen.de\/?p=341\" data-timestamp=\"1489184964\" data-backendurl=\"?rest_route=\/shariff\/v1\/share_counts&\"><ul class=\"shariff-buttons theme-round orientation-horizontal buttonsize-medium\"><li class=\"shariff-button facebook shariff-nocustomcolor\" style=\"background-color:#4273c8\"><a href=\"https:\/\/www.facebook.com\/sharer\/sharer.php?u=https%3A%2F%2Fwww.spd-brueggen.de%2F%3Fp%3D341\" title=\"Bei Facebook teilen\" aria-label=\"Bei Facebook teilen\" role=\"button\" rel=\"nofollow\" class=\"shariff-link\" style=\"; background-color:#3b5998; color:#fff\" target=\"_blank\"><span class=\"shariff-icon\" style=\"\"><svg width=\"32px\" height=\"20px\" xmlns=\"http:\/\/www.w3.org\/2000\/svg\" viewBox=\"0 0 18 32\"><path fill=\"#3b5998\" d=\"M17.1 0.2v4.7h-2.8q-1.5 0-2.1 0.6t-0.5 1.9v3.4h5.2l-0.7 5.3h-4.5v13.6h-5.5v-13.6h-4.5v-5.3h4.5v-3.9q0-3.3 1.9-5.2t5-1.8q2.6 0 4.1 0.2z\"\/><\/svg><\/span><\/a><\/li><li class=\"shariff-button twitter shariff-nocustomcolor\" style=\"background-color:#595959\"><a href=\"https:\/\/twitter.com\/share?url=https%3A%2F%2Fwww.spd-brueggen.de%2F%3Fp%3D341&text=Wohnungsbauf%C3%B6rderung\" title=\"Bei X teilen\" aria-label=\"Bei X teilen\" role=\"button\" rel=\"noopener nofollow\" class=\"shariff-link\" style=\"; background-color:#000; color:#fff\" target=\"_blank\"><span class=\"shariff-icon\" style=\"\"><svg width=\"32px\" height=\"20px\" xmlns=\"http:\/\/www.w3.org\/2000\/svg\" viewBox=\"0 0 24 24\"><path fill=\"#000\" d=\"M14.258 10.152L23.176 0h-2.113l-7.747 8.813L7.133 0H0l9.352 13.328L0 23.973h2.113l8.176-9.309 6.531 9.309h7.133zm-2.895 3.293l-.949-1.328L2.875 1.56h3.246l6.086 8.523.945 1.328 7.91 11.078h-3.246zm0 0\"\/><\/svg><\/span><\/a><\/li><li class=\"shariff-button whatsapp shariff-nocustomcolor\" style=\"background-color:#5cbe4a\"><a href=\"https:\/\/api.whatsapp.com\/send?text=https%3A%2F%2Fwww.spd-brueggen.de%2F%3Fp%3D341%20Wohnungsbauf%C3%B6rderung\" title=\"Bei Whatsapp teilen\" aria-label=\"Bei Whatsapp teilen\" role=\"button\" rel=\"noopener nofollow\" class=\"shariff-link\" style=\"; background-color:#34af23; color:#fff\" target=\"_blank\"><span class=\"shariff-icon\" style=\"\"><svg width=\"32px\" height=\"20px\" xmlns=\"http:\/\/www.w3.org\/2000\/svg\" viewBox=\"0 0 32 32\"><path fill=\"#34af23\" d=\"M17.6 17.4q0.2 0 1.7 0.8t1.6 0.9q0 0.1 0 0.3 0 0.6-0.3 1.4-0.3 0.7-1.3 1.2t-1.8 0.5q-1 0-3.4-1.1-1.7-0.8-3-2.1t-2.6-3.3q-1.3-1.9-1.3-3.5v-0.1q0.1-1.6 1.3-2.8 0.4-0.4 0.9-0.4 0.1 0 0.3 0t0.3 0q0.3 0 0.5 0.1t0.3 0.5q0.1 0.4 0.6 1.6t0.4 1.3q0 0.4-0.6 1t-0.6 0.8q0 0.1 0.1 0.3 0.6 1.3 1.8 2.4 1 0.9 2.7 1.8 0.2 0.1 0.4 0.1 0.3 0 1-0.9t0.9-0.9zM14 26.9q2.3 0 4.3-0.9t3.6-2.4 2.4-3.6 0.9-4.3-0.9-4.3-2.4-3.6-3.6-2.4-4.3-0.9-4.3 0.9-3.6 2.4-2.4 3.6-0.9 4.3q0 3.6 2.1 6.6l-1.4 4.2 4.3-1.4q2.8 1.9 6.2 1.9zM14 2.2q2.7 0 5.2 1.1t4.3 2.9 2.9 4.3 1.1 5.2-1.1 5.2-2.9 4.3-4.3 2.9-5.2 1.1q-3.5 0-6.5-1.7l-7.4 2.4 2.4-7.2q-1.9-3.2-1.9-6.9 0-2.7 1.1-5.2t2.9-4.3 4.3-2.9 5.2-1.1z\"\/><\/svg><\/span><\/a><\/li><\/ul><\/div>","protected":false},"excerpt":{"rendered":"<p>Schon anl\u00e4sslich des Landtagstalks &#8222;Sozialdemokratische Wohnungsbaupolitik in NRW&#8220;\u00a0am 04. April 2016 hat der\u00a0Br\u00fcggener\u00a0Ratsherr und Mitglied des Kreisvorstands Udo Rosowski im Gespr\u00e4ch mit Minister Mike\u00a0Groschek, dem Fraktionsvorsitzendem Jochen Ott und der Wohnungsbaupolitischen Sprecherin Sarah Philipp darauf hingewiesen, dass die sowohl im Kreis Viersen und insbesondere auch in der Gemeinde Br\u00fcggen anstehenden Wohnungsbauprojekte nicht dadurch gef\u00e4hrdet sein [&hellip;]<\/p>\n<div class=\"shariff shariff-align-left shariff-widget-align-left\" data-services=\"facebook\" data-url=\"https:\/\/www.spd-brueggen.de\/?p=341\" data-timestamp=\"1489184964\" data-backendurl=\"?rest_route=\/shariff\/v1\/share_counts&\">\n<ul class=\"shariff-buttons theme-round orientation-horizontal buttonsize-medium\">\n<li class=\"shariff-button facebook shariff-nocustomcolor\" style=\"background-color:#4273c8\"><a href=\"https:\/\/www.facebook.com\/sharer\/sharer.php?u=https%3A%2F%2Fwww.spd-brueggen.de%2F%3Fp%3D341\" title=\"Bei Facebook teilen\" aria-label=\"Bei Facebook teilen\" role=\"button\" rel=\"nofollow\" class=\"shariff-link\" style=\"; background-color:#3b5998; color:#fff\" target=\"_blank\"><span class=\"shariff-icon\" style=\"\"><svg width=\"32px\" height=\"20px\" xmlns=\"http:\/\/www.w3.org\/2000\/svg\" viewBox=\"0 0 18 32\"><path fill=\"#3b5998\" d=\"M17.1 0.2v4.7h-2.8q-1.5 0-2.1 0.6t-0.5 1.9v3.4h5.2l-0.7 5.3h-4.5v13.6h-5.5v-13.6h-4.5v-5.3h4.5v-3.9q0-3.3 1.9-5.2t5-1.8q2.6 0 4.1 0.2z\"\/><\/svg><\/span><\/a><\/li>\n<li class=\"shariff-button twitter shariff-nocustomcolor\" style=\"background-color:#595959\"><a href=\"https:\/\/twitter.com\/share?url=https%3A%2F%2Fwww.spd-brueggen.de%2F%3Fp%3D341&text=Wohnungsbauf%C3%B6rderung\" title=\"Bei X teilen\" aria-label=\"Bei X teilen\" role=\"button\" rel=\"noopener nofollow\" class=\"shariff-link\" style=\"; background-color:#000; color:#fff\" target=\"_blank\"><span class=\"shariff-icon\" style=\"\"><svg width=\"32px\" height=\"20px\" xmlns=\"http:\/\/www.w3.org\/2000\/svg\" viewBox=\"0 0 24 24\"><path fill=\"#000\" d=\"M14.258 10.152L23.176 0h-2.113l-7.747 8.813L7.133 0H0l9.352 13.328L0 23.973h2.113l8.176-9.309 6.531 9.309h7.133zm-2.895 3.293l-.949-1.328L2.875 1.56h3.246l6.086 8.523.945 1.328 7.91 11.078h-3.246zm0 0\"\/><\/svg><\/span><\/a><\/li>\n<li class=\"shariff-button whatsapp shariff-nocustomcolor\" style=\"background-color:#5cbe4a\"><a href=\"https:\/\/api.whatsapp.com\/send?text=https%3A%2F%2Fwww.spd-brueggen.de%2F%3Fp%3D341%20Wohnungsbauf%C3%B6rderung\" title=\"Bei Whatsapp teilen\" aria-label=\"Bei Whatsapp teilen\" role=\"button\" rel=\"noopener nofollow\" class=\"shariff-link\" style=\"; background-color:#34af23; color:#fff\" target=\"_blank\"><span class=\"shariff-icon\" style=\"\"><svg width=\"32px\" height=\"20px\" xmlns=\"http:\/\/www.w3.org\/2000\/svg\" viewBox=\"0 0 32 32\"><path fill=\"#34af23\" d=\"M17.6 17.4q0.2 0 1.7 0.8t1.6 0.9q0 0.1 0 0.3 0 0.6-0.3 1.4-0.3 0.7-1.3 1.2t-1.8 0.5q-1 0-3.4-1.1-1.7-0.8-3-2.1t-2.6-3.3q-1.3-1.9-1.3-3.5v-0.1q0.1-1.6 1.3-2.8 0.4-0.4 0.9-0.4 0.1 0 0.3 0t0.3 0q0.3 0 0.5 0.1t0.3 0.5q0.1 0.4 0.6 1.6t0.4 1.3q0 0.4-0.6 1t-0.6 0.8q0 0.1 0.1 0.3 0.6 1.3 1.8 2.4 1 0.9 2.7 1.8 0.2 0.1 0.4 0.1 0.3 0 1-0.9t0.9-0.9zM14 26.9q2.3 0 4.3-0.9t3.6-2.4 2.4-3.6 0.9-4.3-0.9-4.3-2.4-3.6-3.6-2.4-4.3-0.9-4.3 0.9-3.6 2.4-2.4 3.6-0.9 4.3q0 3.6 2.1 6.6l-1.4 4.2 4.3-1.4q2.8 1.9 6.2 1.9zM14 2.2q2.7 0 5.2 1.1t4.3 2.9 2.9 4.3 1.1 5.2-1.1 5.2-2.9 4.3-4.3 2.9-5.2 1.1q-3.5 0-6.5-1.7l-7.4 2.4 2.4-7.2q-1.9-3.2-1.9-6.9 0-2.7 1.1-5.2t2.9-4.3 4.3-2.9 5.2-1.1z\"\/><\/svg><\/span><\/a><\/li>\n<\/ul>\n<\/div>\n","protected":false},"author":1,"featured_media":342,"comment_status":"open","ping_status":"open","sticky":false,"template":"","format":"standard","meta":{"footnotes":""},"categories":[8],"tags":[],"class_list":["post-341","post","type-post","status-publish","format-standard","has-post-thumbnail","hentry","category-kreistagsfraktion"],"_links":{"self":[{"href":"https:\/\/www.spd-brueggen.de\/index.php?rest_route=\/wp\/v2\/posts\/341","targetHints":{"allow":["GET"]}}],"collection":[{"href":"https:\/\/www.spd-brueggen.de\/index.php?rest_route=\/wp\/v2\/posts"}],"about":[{"href":"https:\/\/www.spd-brueggen.de\/index.php?rest_route=\/wp\/v2\/types\/post"}],"author":[{"embeddable":true,"href":"https:\/\/www.spd-brueggen.de\/index.php?rest_route=\/wp\/v2\/users\/1"}],"replies":[{"embeddable":true,"href":"https:\/\/www.spd-brueggen.de\/index.php?rest_route=%2Fwp%2Fv2%2Fcomments&post=341"}],"version-history":[{"count":0,"href":"https:\/\/www.spd-brueggen.de\/index.php?rest_route=\/wp\/v2\/posts\/341\/revisions"}],"wp:featuredmedia":[{"embeddable":true,"href":"https:\/\/www.spd-brueggen.de\/index.php?rest_route=\/wp\/v2\/media\/342"}],"wp:attachment":[{"href":"https:\/\/www.spd-brueggen.de\/index.php?rest_route=%2Fwp%2Fv2%2Fmedia&parent=341"}],"wp:term":[{"taxonomy":"category","embeddable":true,"href":"https:\/\/www.spd-brueggen.de\/index.php?rest_route=%2Fwp%2Fv2%2Fcategories&post=341"},{"taxonomy":"post_tag","embeddable":true,"href":"https:\/\/www.spd-brueggen.de\/index.php?rest_route=%2Fwp%2Fv2%2Ftags&post=341"}],"curies":[{"name":"wp","href":"https:\/\/api.w.org\/{rel}","templated":true}]}}