{"id":750245,"date":"2023-12-14T14:58:08","date_gmt":"2023-12-14T13:58:08","guid":{"rendered":"https:\/\/www.spd-brueggen.de\/?p=750245"},"modified":"2024-02-08T11:54:11","modified_gmt":"2024-02-08T10:54:11","slug":"antrag-auf-erhoehung-des-budgets-fuer-jugendbeteiligung","status":"publish","type":"post","link":"https:\/\/www.spd-brueggen.de\/?p=750245","title":{"rendered":"Antrag auf Erh\u00f6hung des Budgets f\u00fcr Jugendbeteiligung"},"content":{"rendered":"\n<p><span class=\"fontstyle0\">Die SPD-Fraktion im Rat der Burggemeinde Br\u00fcggen beantragt, das Budget f\u00fcr die \u201ePartizipation von Kindern und Jugendlichen\u201c im Rahmen des Jugendbudgets \u201eDeine Idee z\u00e4hlt\u201c von 5000\u20ac auf 20.000\u20ac zu erh\u00f6hen.<\/span><\/p>\n\n\n\n<!--more-->\n\n\n\n<p><span class=\"fontstyle0\">In Anlehnung an die erfolgreiche Arbeit der Zukunftsmacher beim \u201eF\u00f6rderprogramm Zukunftspaket f\u00fcr Bewegung, Kultur und Gesundheit\u201c, bei dem die Jugendlichen zusammen mit der Unterst\u00fctzung unserer Jugendsozialarbeiter beeindruckende 150.000 \u20ac verwaltet und sinnvoll verteilt haben, m\u00f6chten wir diese Erfolgsgeschichte in unserer Burggemeinde fortsetzen, auch ohne ein offizielles F\u00f6rderprogramm.<\/span><\/p>\n\n\n\n<p><span class=\"fontstyle0\">Die Vergabekriterien sollen in Zusammenarbeit mit den Jugendlichen, den Zukunftsmachern und dem Fachausschuss erarbeitet werden. Nachfolgend soll die Verteilung der 20.000 \u20ac eigenst\u00e4ndig durch die Zukunftsmacher erfolgen, und die abgeschlossenen Projekte werden dem Fachausschuss zur Information vorgestellt.<\/span><\/p>\n\n\n\n<p><span class=\"fontstyle0\">Die geleistete Arbeit der Zukunftsmacher hat deutlich gezeigt, welchen Mehrwert solch ein Projekt f\u00fcr die Burggemeinde, ihre Ortsteile, die Jugendlichen und Vereine haben kann. Das F\u00f6rderprogramm mit den Zukunftsmachern ist eine Erfolgsgeschichte, die wir als SPD-Fraktion in unserer Gemeinde fortsetzen m\u00f6chten. Es erm\u00f6glicht den Jugendlichen, selbstbestimmt an Projekten teilzunehmen und f\u00f6rdert gleichzeitig ihr Engagement im Ehrenamt.<\/span><\/p>\n\n\n\n<p>Update:<\/p>\n\n\n\n<p>Am 19.12.2023 in der 24. Sitzung des Gemeinderates wurde diesem Antrag zugestimmt.<\/p>\n<div class=\"shariff shariff-align-left shariff-widget-align-left\" data-services=\"facebook\" data-url=\"https:\/\/www.spd-brueggen.de\/?p=750245\" data-timestamp=\"1707393251\" data-backendurl=\"?rest_route=\/shariff\/v1\/share_counts&\"><ul class=\"shariff-buttons theme-round orientation-horizontal buttonsize-medium\"><li class=\"shariff-button facebook shariff-nocustomcolor\" style=\"background-color:#4273c8\"><a href=\"https:\/\/www.facebook.com\/sharer\/sharer.php?u=https%3A%2F%2Fwww.spd-brueggen.de%2F%3Fp%3D750245\" title=\"Bei Facebook teilen\" aria-label=\"Bei Facebook teilen\" role=\"button\" rel=\"nofollow\" class=\"shariff-link\" style=\"; background-color:#3b5998; color:#fff\" target=\"_blank\"><span class=\"shariff-icon\" style=\"\"><svg width=\"32px\" height=\"20px\" xmlns=\"http:\/\/www.w3.org\/2000\/svg\" viewBox=\"0 0 18 32\"><path fill=\"#3b5998\" d=\"M17.1 0.2v4.7h-2.8q-1.5 0-2.1 0.6t-0.5 1.9v3.4h5.2l-0.7 5.3h-4.5v13.6h-5.5v-13.6h-4.5v-5.3h4.5v-3.9q0-3.3 1.9-5.2t5-1.8q2.6 0 4.1 0.2z\"\/><\/svg><\/span><\/a><\/li><li class=\"shariff-button twitter shariff-nocustomcolor\" style=\"background-color:#595959\"><a href=\"https:\/\/twitter.com\/share?url=https%3A%2F%2Fwww.spd-brueggen.de%2F%3Fp%3D750245&text=Antrag%20auf%20Erh%C3%B6hung%20des%20Budgets%20f%C3%BCr%20Jugendbeteiligung\" title=\"Bei X teilen\" aria-label=\"Bei X teilen\" role=\"button\" rel=\"noopener nofollow\" class=\"shariff-link\" style=\"; background-color:#000; color:#fff\" target=\"_blank\"><span class=\"shariff-icon\" style=\"\"><svg width=\"32px\" height=\"20px\" xmlns=\"http:\/\/www.w3.org\/2000\/svg\" viewBox=\"0 0 24 24\"><path fill=\"#000\" d=\"M14.258 10.152L23.176 0h-2.113l-7.747 8.813L7.133 0H0l9.352 13.328L0 23.973h2.113l8.176-9.309 6.531 9.309h7.133zm-2.895 3.293l-.949-1.328L2.875 1.56h3.246l6.086 8.523.945 1.328 7.91 11.078h-3.246zm0 0\"\/><\/svg><\/span><\/a><\/li><li class=\"shariff-button whatsapp shariff-nocustomcolor\" style=\"background-color:#5cbe4a\"><a href=\"https:\/\/api.whatsapp.com\/send?text=https%3A%2F%2Fwww.spd-brueggen.de%2F%3Fp%3D750245%20Antrag%20auf%20Erh%C3%B6hung%20des%20Budgets%20f%C3%BCr%20Jugendbeteiligung\" title=\"Bei Whatsapp teilen\" aria-label=\"Bei Whatsapp teilen\" role=\"button\" rel=\"noopener nofollow\" class=\"shariff-link\" style=\"; background-color:#34af23; color:#fff\" target=\"_blank\"><span class=\"shariff-icon\" style=\"\"><svg width=\"32px\" height=\"20px\" xmlns=\"http:\/\/www.w3.org\/2000\/svg\" viewBox=\"0 0 32 32\"><path fill=\"#34af23\" d=\"M17.6 17.4q0.2 0 1.7 0.8t1.6 0.9q0 0.1 0 0.3 0 0.6-0.3 1.4-0.3 0.7-1.3 1.2t-1.8 0.5q-1 0-3.4-1.1-1.7-0.8-3-2.1t-2.6-3.3q-1.3-1.9-1.3-3.5v-0.1q0.1-1.6 1.3-2.8 0.4-0.4 0.9-0.4 0.1 0 0.3 0t0.3 0q0.3 0 0.5 0.1t0.3 0.5q0.1 0.4 0.6 1.6t0.4 1.3q0 0.4-0.6 1t-0.6 0.8q0 0.1 0.1 0.3 0.6 1.3 1.8 2.4 1 0.9 2.7 1.8 0.2 0.1 0.4 0.1 0.3 0 1-0.9t0.9-0.9zM14 26.9q2.3 0 4.3-0.9t3.6-2.4 2.4-3.6 0.9-4.3-0.9-4.3-2.4-3.6-3.6-2.4-4.3-0.9-4.3 0.9-3.6 2.4-2.4 3.6-0.9 4.3q0 3.6 2.1 6.6l-1.4 4.2 4.3-1.4q2.8 1.9 6.2 1.9zM14 2.2q2.7 0 5.2 1.1t4.3 2.9 2.9 4.3 1.1 5.2-1.1 5.2-2.9 4.3-4.3 2.9-5.2 1.1q-3.5 0-6.5-1.7l-7.4 2.4 2.4-7.2q-1.9-3.2-1.9-6.9 0-2.7 1.1-5.2t2.9-4.3 4.3-2.9 5.2-1.1z\"\/><\/svg><\/span><\/a><\/li><\/ul><\/div>","protected":false},"excerpt":{"rendered":"<p>Die SPD-Fraktion im Rat der Burggemeinde Br\u00fcggen beantragt, das Budget f\u00fcr die \u201ePartizipation von Kindern und Jugendlichen\u201c im Rahmen des Jugendbudgets \u201eDeine Idee z\u00e4hlt\u201c von 5000\u20ac auf 20.000\u20ac zu erh\u00f6hen.<\/p>\n<div class=\"shariff shariff-align-left shariff-widget-align-left\" data-services=\"facebook\" data-url=\"https:\/\/www.spd-brueggen.de\/?p=750245\" data-timestamp=\"1707393251\" data-backendurl=\"?rest_route=\/shariff\/v1\/share_counts&\">\n<ul class=\"shariff-buttons theme-round orientation-horizontal buttonsize-medium\">\n<li class=\"shariff-button facebook shariff-nocustomcolor\" style=\"background-color:#4273c8\"><a href=\"https:\/\/www.facebook.com\/sharer\/sharer.php?u=https%3A%2F%2Fwww.spd-brueggen.de%2F%3Fp%3D750245\" title=\"Bei Facebook teilen\" aria-label=\"Bei Facebook teilen\" role=\"button\" rel=\"nofollow\" class=\"shariff-link\" style=\"; background-color:#3b5998; color:#fff\" target=\"_blank\"><span class=\"shariff-icon\" style=\"\"><svg width=\"32px\" height=\"20px\" xmlns=\"http:\/\/www.w3.org\/2000\/svg\" viewBox=\"0 0 18 32\"><path fill=\"#3b5998\" d=\"M17.1 0.2v4.7h-2.8q-1.5 0-2.1 0.6t-0.5 1.9v3.4h5.2l-0.7 5.3h-4.5v13.6h-5.5v-13.6h-4.5v-5.3h4.5v-3.9q0-3.3 1.9-5.2t5-1.8q2.6 0 4.1 0.2z\"\/><\/svg><\/span><\/a><\/li>\n<li class=\"shariff-button twitter shariff-nocustomcolor\" style=\"background-color:#595959\"><a href=\"https:\/\/twitter.com\/share?url=https%3A%2F%2Fwww.spd-brueggen.de%2F%3Fp%3D750245&text=Antrag%20auf%20Erh%C3%B6hung%20des%20Budgets%20f%C3%BCr%20Jugendbeteiligung\" title=\"Bei X teilen\" aria-label=\"Bei X teilen\" role=\"button\" rel=\"noopener nofollow\" class=\"shariff-link\" style=\"; background-color:#000; color:#fff\" target=\"_blank\"><span class=\"shariff-icon\" style=\"\"><svg width=\"32px\" height=\"20px\" xmlns=\"http:\/\/www.w3.org\/2000\/svg\" viewBox=\"0 0 24 24\"><path fill=\"#000\" d=\"M14.258 10.152L23.176 0h-2.113l-7.747 8.813L7.133 0H0l9.352 13.328L0 23.973h2.113l8.176-9.309 6.531 9.309h7.133zm-2.895 3.293l-.949-1.328L2.875 1.56h3.246l6.086 8.523.945 1.328 7.91 11.078h-3.246zm0 0\"\/><\/svg><\/span><\/a><\/li>\n<li class=\"shariff-button whatsapp shariff-nocustomcolor\" style=\"background-color:#5cbe4a\"><a href=\"https:\/\/api.whatsapp.com\/send?text=https%3A%2F%2Fwww.spd-brueggen.de%2F%3Fp%3D750245%20Antrag%20auf%20Erh%C3%B6hung%20des%20Budgets%20f%C3%BCr%20Jugendbeteiligung\" title=\"Bei Whatsapp teilen\" aria-label=\"Bei Whatsapp teilen\" role=\"button\" rel=\"noopener nofollow\" class=\"shariff-link\" style=\"; background-color:#34af23; color:#fff\" target=\"_blank\"><span class=\"shariff-icon\" style=\"\"><svg width=\"32px\" height=\"20px\" xmlns=\"http:\/\/www.w3.org\/2000\/svg\" viewBox=\"0 0 32 32\"><path fill=\"#34af23\" d=\"M17.6 17.4q0.2 0 1.7 0.8t1.6 0.9q0 0.1 0 0.3 0 0.6-0.3 1.4-0.3 0.7-1.3 1.2t-1.8 0.5q-1 0-3.4-1.1-1.7-0.8-3-2.1t-2.6-3.3q-1.3-1.9-1.3-3.5v-0.1q0.1-1.6 1.3-2.8 0.4-0.4 0.9-0.4 0.1 0 0.3 0t0.3 0q0.3 0 0.5 0.1t0.3 0.5q0.1 0.4 0.6 1.6t0.4 1.3q0 0.4-0.6 1t-0.6 0.8q0 0.1 0.1 0.3 0.6 1.3 1.8 2.4 1 0.9 2.7 1.8 0.2 0.1 0.4 0.1 0.3 0 1-0.9t0.9-0.9zM14 26.9q2.3 0 4.3-0.9t3.6-2.4 2.4-3.6 0.9-4.3-0.9-4.3-2.4-3.6-3.6-2.4-4.3-0.9-4.3 0.9-3.6 2.4-2.4 3.6-0.9 4.3q0 3.6 2.1 6.6l-1.4 4.2 4.3-1.4q2.8 1.9 6.2 1.9zM14 2.2q2.7 0 5.2 1.1t4.3 2.9 2.9 4.3 1.1 5.2-1.1 5.2-2.9 4.3-4.3 2.9-5.2 1.1q-3.5 0-6.5-1.7l-7.4 2.4 2.4-7.2q-1.9-3.2-1.9-6.9 0-2.7 1.1-5.2t2.9-4.3 4.3-2.9 5.2-1.1z\"\/><\/svg><\/span><\/a><\/li>\n<\/ul>\n<\/div>\n","protected":false},"author":33,"featured_media":0,"comment_status":"closed","ping_status":"open","sticky":false,"template":"","format":"standard","meta":{"footnotes":""},"categories":[11,6,16],"tags":[],"class_list":["post-750245","post","type-post","status-publish","format-standard","hentry","category-antraege","category-ratsfraktion","category-schule-und-bildung"],"_links":{"self":[{"href":"https:\/\/www.spd-brueggen.de\/index.php?rest_route=\/wp\/v2\/posts\/750245","targetHints":{"allow":["GET"]}}],"collection":[{"href":"https:\/\/www.spd-brueggen.de\/index.php?rest_route=\/wp\/v2\/posts"}],"about":[{"href":"https:\/\/www.spd-brueggen.de\/index.php?rest_route=\/wp\/v2\/types\/post"}],"author":[{"embeddable":true,"href":"https:\/\/www.spd-brueggen.de\/index.php?rest_route=\/wp\/v2\/users\/33"}],"replies":[{"embeddable":true,"href":"https:\/\/www.spd-brueggen.de\/index.php?rest_route=%2Fwp%2Fv2%2Fcomments&post=750245"}],"version-history":[{"count":0,"href":"https:\/\/www.spd-brueggen.de\/index.php?rest_route=\/wp\/v2\/posts\/750245\/revisions"}],"wp:attachment":[{"href":"https:\/\/www.spd-brueggen.de\/index.php?rest_route=%2Fwp%2Fv2%2Fmedia&parent=750245"}],"wp:term":[{"taxonomy":"category","embeddable":true,"href":"https:\/\/www.spd-brueggen.de\/index.php?rest_route=%2Fwp%2Fv2%2Fcategories&post=750245"},{"taxonomy":"post_tag","embeddable":true,"href":"https:\/\/www.spd-brueggen.de\/index.php?rest_route=%2Fwp%2Fv2%2Ftags&post=750245"}],"curies":[{"name":"wp","href":"https:\/\/api.w.org\/{rel}","templated":true}]}}